{"id":5070,"date":"2020-09-25T09:15:37","date_gmt":"2020-09-25T06:15:37","guid":{"rendered":"https:\/\/instituutit.fi\/intresserad-av-finlands-kultur-och-vetenskapsinstitut-ansok-om-larlingsstipendium\/"},"modified":"2021-03-09T11:41:36","modified_gmt":"2021-03-09T08:41:36","slug":"intresserad-av-finlands-kultur-och-vetenskapsinstitut-ansok-om-larlingsstipendium","status":"publish","type":"post","link":"https:\/\/instituutit.fi\/sv\/intresserad-av-finlands-kultur-och-vetenskapsinstitut-ansok-om-larlingsstipendium\/","title":{"rendered":"Intresserad av Finlands kultur- och vetenskapsinstitut? Ans\u00f6k om l\u00e4rlingsstipendium!"},"content":{"rendered":"<p>Vill du arbeta tillsammans med Finlands 17 kultur- och vetenskapsinstitut runtom i v\u00e4rlden och f\u00e5 internationell arbetserfarenhet, tryggt fr\u00e5n Helsingfors? Vi s\u00f6ker en praktikant som \u00e4r intresserad av att under \u00e5r 2021 bekanta sig med institutens verksamhet och i synnerhet arbeta med institutens gemensamma stora projekt.<\/p>\n<p>Efter \u00f6verenskommelse med oss har en person m\u00f6jlighet att ans\u00f6ka om <a href=\"https:\/\/www.kulturfonden.fi\/alla-stipendier-bidrag\/?omgong=40\">Svenska kulturfondens l\u00e4rlingsstipendium<\/a>. Stipendiets storlek \u00e4r 1 250 \u20ac\/m\u00e5nad och l\u00e4rlingsperioden kan vara antingen hela \u00e5r 2021 (12 m\u00e5nader) eller enligt \u00f6verenskommelse. Ans\u00f6kningstiden f\u00f6r l\u00e4rlingsstipendierna p\u00e5g\u00e5r till 12.10.2020. F\u00f6r att vi ska hinna intervjua intresserade personer \u00f6nskar vi att du kontaktar oss senast 5.10. F\u00f6r att kunna ans\u00f6ka om Svenska kulturfondens l\u00e4rlingsstipendium ska du ha svenska som modersm\u00e5l eller skolspr\u00e5k. Vi s\u00f6ker dig som t.ex. \u00e4r nyutbildad kulturproducent eller som utexaminerats inom ett kultur\u00e4mne och har erfarenhet av evenemangsproduktion. Utm\u00e4rkt finska och engelska \u00e4r ett krav och \u00f6vriga spr\u00e5kkunskaper \u00e4r en merit.<\/p>\n<p>Praktikantens uppgift \u00e4r dels att f\u00f6lja med och delta i Finlands kultur- och vetenskapsinstitut rf:s normala arbete: institutens interna och externa kommunikation, intressebevakning, kontakt med institutens finl\u00e4ndska samarbetsparter osv. Praktikantens viktigaste uppgift \u00e4r att under handledning koordinera kultur- och vetenskapsinstitutens gemensamma internationella storprojekt.<\/p>\n<figure id=\"attachment_4877\" aria-describedby=\"caption-attachment-4877\" style=\"width: 690px\" class=\"wp-caption aligncenter\"><img loading=\"lazy\" decoding=\"async\" class=\"size-large wp-image-4877\" src=\"https:\/\/instituutit.fi\/hallinta\/wp-content\/uploads\/2020\/09\/Together-Alone_v2-690x460.jpg\" alt=\"\" width=\"690\" height=\"460\" srcset=\"https:\/\/instituutit.fi\/hallinta\/wp-content\/uploads\/2020\/09\/Together-Alone_v2-690x460.jpg 690w, https:\/\/instituutit.fi\/hallinta\/wp-content\/uploads\/2020\/09\/Together-Alone_v2-450x300.jpg 450w, https:\/\/instituutit.fi\/hallinta\/wp-content\/uploads\/2020\/09\/Together-Alone_v2-768x512.jpg 768w, https:\/\/instituutit.fi\/hallinta\/wp-content\/uploads\/2020\/09\/Together-Alone_v2-1536x1024.jpg 1536w, https:\/\/instituutit.fi\/hallinta\/wp-content\/uploads\/2020\/09\/Together-Alone_v2-2048x1365.jpg 2048w\" sizes=\"auto, (max-width: 690px) 100vw, 690px\" \/><figcaption id=\"caption-attachment-4877\" class=\"wp-caption-text\">Bild: Katja T\u00e4hj\u00e4<\/figcaption><\/figure>\n<p>Praktikantens fysiska arbetsplats \u00e4r Finlands kultur- och vetenskapsinstitut rf (<a href=\"https:\/\/instituutit.fi\/\">www.instituutit.fi<\/a>) med kontor i Brunnsparken i Helsingfors, och du blir en del av f\u00f6reningens arbetsgemenskap. Pga arbetets art &#8211; och coronasituationen &#8211; kan en betydande del av arbetet enligt \u00f6verenskommelse g\u00f6ras p\u00e5 distans. Om situationen till\u00e5ter hoppas vi kunna bereda praktikanten m\u00f6jlighet att bes\u00f6ka n\u00e5gra av kulturinstituten i Europa.<\/p>\n<p>Intresserad? Kontakta oss senast 5.10. f\u00f6r mer information:<\/p>\n<p>Tove Ekman, verksamhetsledare, Finlands kultur- och vetenskapsinstitut rf<br \/>\n+358 40 7381544, <a href=\"mailto:tove.ekman@instituutit.fi\">tove.ekman@instituutit.fi<\/a><\/p>\n<p>Emilie Gardberg, direkt\u00f6r, Finlands institut i London<br \/>\n+44 7714 768 932, <a href=\"mailto:emilie.gardberg@fininst.uk\">emilie.gardberg@fininst.uk<\/a><\/p>\n","protected":false},"excerpt":{"rendered":"<p>Vill du arbeta tillsammans med Finlands 17 kultur- och vetenskapsinstitut runtom i v\u00e4rlden och f\u00e5 internationell arbetserfarenhet, tryggt fr\u00e5n Helsingfors? Vi s\u00f6ker en praktikant som \u00e4r intresserad av att under \u00e5r 2021 bekanta sig med institutens verksamhet och i synnerhet arbeta med institutens gemensamma stora projekt. Efter \u00f6verenskommelse med oss har en person m\u00f6jlighet att [&hellip;]<\/p>\n","protected":false},"author":8,"featured_media":0,"comment_status":"closed","ping_status":"open","sticky":false,"template":"","format":"standard","meta":{"_acf_changed":false,"footnotes":""},"categories":[4],"tags":[],"class_list":["post-5070","post","type-post","status-publish","format-standard","hentry","category-yleinen-sv"],"acf":[],"_links":{"self":[{"href":"https:\/\/instituutit.fi\/sv\/wp-json\/wp\/v2\/posts\/5070","targetHints":{"allow":["GET"]}}],"collection":[{"href":"https:\/\/instituutit.fi\/sv\/wp-json\/wp\/v2\/posts"}],"about":[{"href":"https:\/\/instituutit.fi\/sv\/wp-json\/wp\/v2\/types\/post"}],"author":[{"embeddable":true,"href":"https:\/\/instituutit.fi\/sv\/wp-json\/wp\/v2\/users\/8"}],"replies":[{"embeddable":true,"href":"https:\/\/instituutit.fi\/sv\/wp-json\/wp\/v2\/comments?post=5070"}],"version-history":[{"count":1,"href":"https:\/\/instituutit.fi\/sv\/wp-json\/wp\/v2\/posts\/5070\/revisions"}],"predecessor-version":[{"id":5071,"href":"https:\/\/instituutit.fi\/sv\/wp-json\/wp\/v2\/posts\/5070\/revisions\/5071"}],"wp:attachment":[{"href":"https:\/\/instituutit.fi\/sv\/wp-json\/wp\/v2\/media?parent=5070"}],"wp:term":[{"taxonomy":"category","embeddable":true,"href":"https:\/\/instituutit.fi\/sv\/wp-json\/wp\/v2\/categories?post=5070"},{"taxonomy":"post_tag","embeddable":true,"href":"https:\/\/instituutit.fi\/sv\/wp-json\/wp\/v2\/tags?post=5070"}],"curies":[{"name":"wp","href":"https:\/\/api.w.org\/{rel}","templated":true}]}}